{"id":254,"date":"2010-05-28T15:40:32","date_gmt":"2010-05-28T18:40:32","guid":{"rendered":"http:\/\/danielpaz.com.ar\/blog\/?p=254"},"modified":"2025-01-02T10:47:14","modified_gmt":"2025-01-02T13:47:14","slug":"leon","status":"publish","type":"post","link":"https:\/\/danielpaz.com.ar\/blog\/2010\/05\/leon\/","title":{"rendered":"Le\u00f3n toma Sociales"},"content":{"rendered":"<p><object width=\"400\" height=\"300\" classid=\"clsid:d27cdb6e-ae6d-11cf-96b8-444553540000\" codebase=\"http:\/\/download.macromedia.com\/pub\/shockwave\/cabs\/flash\/swflash.cab#version=6,0,40,0\"><param name=\"menu\" value=\"false\" \/><param name=\"src\" value=\"http:\/\/www.danielpaz.com.ar\/imagen\/leon_en_sociales.swf\" \/><\/object><\/p>\n<p>Este jueves 3 de junio voy a mostrar dibujos de <strong>Le\u00f3n, el activista pele\u00f3n<\/strong> en la Facultad de Ciencias Sociales.<br \/>\nEs en Marcelo T. de Alvear 2230 (ciudad de Buenos Aires), Primer Piso,\u00a0 a las 17 hs.<br \/>\nSi quer\u00e9s verlos, and\u00e1 ese d\u00eda porque van a estar colgados \u00fanicamente el jueves.<\/p>\n<p>Para bajar el protector de pantalla de <strong>Le\u00f3n el activista pele\u00f3n<\/strong> hac\u00e9 click <a href=\"http:\/\/www.danielpaz.com.ar\/archivos\/Leon.zip\"><strong>ac\u00e1<\/strong><\/a><\/p>\n","protected":false},"excerpt":{"rendered":"<p>Este jueves 3 de junio voy a mostrar dibujos de Le\u00f3n, el activista pele\u00f3n en la Facultad de Ciencias Sociales. Es en Marcelo T. de Alvear 2230 (ciudad de Buenos Aires), Primer Piso,\u00a0 a las 17 hs. Si quer\u00e9s verlos, and\u00e1 ese d\u00eda porque van a estar colgados \u00fanicamente el jueves. Para bajar el protector [&hellip;]<\/p>\n","protected":false},"author":2,"featured_media":0,"comment_status":"closed","ping_status":"open","sticky":false,"template":"","format":"standard","meta":{"_jetpack_memberships_contains_paid_content":false,"footnotes":""},"categories":[4,9],"tags":[],"class_list":["post-254","post","type-post","status-publish","format-standard","hentry","category-animacion","category-leon-el-activista-peleon"],"jetpack_featured_media_url":"","jetpack_sharing_enabled":true,"_links":{"self":[{"href":"https:\/\/danielpaz.com.ar\/blog\/wp-json\/wp\/v2\/posts\/254","targetHints":{"allow":["GET"]}}],"collection":[{"href":"https:\/\/danielpaz.com.ar\/blog\/wp-json\/wp\/v2\/posts"}],"about":[{"href":"https:\/\/danielpaz.com.ar\/blog\/wp-json\/wp\/v2\/types\/post"}],"author":[{"embeddable":true,"href":"https:\/\/danielpaz.com.ar\/blog\/wp-json\/wp\/v2\/users\/2"}],"replies":[{"embeddable":true,"href":"https:\/\/danielpaz.com.ar\/blog\/wp-json\/wp\/v2\/comments?post=254"}],"version-history":[{"count":18,"href":"https:\/\/danielpaz.com.ar\/blog\/wp-json\/wp\/v2\/posts\/254\/revisions"}],"predecessor-version":[{"id":7146,"href":"https:\/\/danielpaz.com.ar\/blog\/wp-json\/wp\/v2\/posts\/254\/revisions\/7146"}],"wp:attachment":[{"href":"https:\/\/danielpaz.com.ar\/blog\/wp-json\/wp\/v2\/media?parent=254"}],"wp:term":[{"taxonomy":"category","embeddable":true,"href":"https:\/\/danielpaz.com.ar\/blog\/wp-json\/wp\/v2\/categories?post=254"},{"taxonomy":"post_tag","embeddable":true,"href":"https:\/\/danielpaz.com.ar\/blog\/wp-json\/wp\/v2\/tags?post=254"}],"curies":[{"name":"wp","href":"https:\/\/api.w.org\/{rel}","templated":true}]}}