{"id":2235,"date":"2014-01-10T11:34:38","date_gmt":"2014-01-10T14:34:38","guid":{"rendered":"http:\/\/danielpaz.com.ar\/blog\/?p=2235"},"modified":"2025-01-02T10:46:03","modified_gmt":"2025-01-02T13:46:03","slug":"aire-acondicionado","status":"publish","type":"post","link":"https:\/\/danielpaz.com.ar\/blog\/2014\/01\/aire-acondicionado\/","title":{"rendered":"Aire acondicionado"},"content":{"rendered":"<p><a href=\"http:\/\/danielpaz.com.ar\/blog\/wp-content\/uploads\/2014\/01\/dinosaurios.jpg\"><img loading=\"lazy\" decoding=\"async\" class=\"alignleft size-medium wp-image-2236\" alt=\"&quot;dinosaurios&quot; por Daniel Paz\" src=\"http:\/\/danielpaz.com.ar\/blog\/wp-content\/uploads\/2014\/01\/dinosaurios-400x265.jpg\" width=\"400\" height=\"265\" srcset=\"https:\/\/danielpaz.com.ar\/blog\/wp-content\/uploads\/2014\/01\/dinosaurios-400x265.jpg 400w, https:\/\/danielpaz.com.ar\/blog\/wp-content\/uploads\/2014\/01\/dinosaurios.jpg 800w\" sizes=\"auto, (max-width: 400px) 100vw, 400px\" \/><\/a>Este dibujo lo hice en febrero de 2013. Lo subo ahora a prop\u00f3sito de la ola de calor que estamos viviendo.<br \/>\n\u00bfSe nota que estoy en contra de los aparatos de aire acondicionado? S\u00e9 que muchos familiares y amigos los usan en sus casas y trabajos y me van a mirar como si fuera un fan\u00e1tico. Pero es as\u00ed. Usando estos aparatos estamos convirtiendo la ciudad en un sitio imposible de vivir. Y cada a\u00f1o se va a poner peor.<\/p>\n<p>Los aire acondicionado son nefastos, al menos por dos motivos.<br \/>\n&#8211; Consumen mucha m\u00e1s energ\u00eda el\u00e9ctrica que un ventilador, provocando el colapso del sistema el\u00e9ctrico.<br \/>\n&#8211; Despiden calor hacia afuera, haciendo que la temperatura ambiental sea cada vez mayor. Como cada vez hace m\u00e1s calor, m\u00e1s splits se venden, y as\u00ed\u2026<\/p>\n<p>Seguramente van a aparecer los que dicen que los aire acondicionado no tienen nada que ver con el aumento de la temperatura. As\u00ed como hay quienes dicen que el calentamiento global no tiene nada que ver con la actividad humana. Es como hace 50 a\u00f1os con el cigarrillo. En esa \u00e9poca muchos dec\u00edan que el fumar no ten\u00eda ninguna relaci\u00f3n causal con el c\u00e1ncer de pulm\u00f3n o las enfermedades respiratorias. \u201cMi abuelo fumaba como un murci\u00e9lago y vivi\u00f3 hasta los cien a\u00f1os\u201d. Tal vez, al igual que con el cigarrillo, sea cuesti\u00f3n de crear conciencia.<\/p>\n","protected":false},"excerpt":{"rendered":"<p>Este dibujo lo hice en febrero de 2013. Lo subo ahora a prop\u00f3sito de la ola de calor que estamos viviendo. \u00bfSe nota que estoy en contra de los aparatos de aire acondicionado? S\u00e9 que muchos familiares y amigos los usan en sus casas y trabajos y me van a mirar como si fuera un [&hellip;]<\/p>\n","protected":false},"author":2,"featured_media":0,"comment_status":"closed","ping_status":"open","sticky":false,"template":"","format":"standard","meta":{"_jetpack_memberships_contains_paid_content":false,"footnotes":""},"categories":[12],"tags":[],"class_list":["post-2235","post","type-post","status-publish","format-standard","hentry","category-f-merides-truchas"],"jetpack_featured_media_url":"","jetpack_sharing_enabled":true,"_links":{"self":[{"href":"https:\/\/danielpaz.com.ar\/blog\/wp-json\/wp\/v2\/posts\/2235","targetHints":{"allow":["GET"]}}],"collection":[{"href":"https:\/\/danielpaz.com.ar\/blog\/wp-json\/wp\/v2\/posts"}],"about":[{"href":"https:\/\/danielpaz.com.ar\/blog\/wp-json\/wp\/v2\/types\/post"}],"author":[{"embeddable":true,"href":"https:\/\/danielpaz.com.ar\/blog\/wp-json\/wp\/v2\/users\/2"}],"replies":[{"embeddable":true,"href":"https:\/\/danielpaz.com.ar\/blog\/wp-json\/wp\/v2\/comments?post=2235"}],"version-history":[{"count":5,"href":"https:\/\/danielpaz.com.ar\/blog\/wp-json\/wp\/v2\/posts\/2235\/revisions"}],"predecessor-version":[{"id":2241,"href":"https:\/\/danielpaz.com.ar\/blog\/wp-json\/wp\/v2\/posts\/2235\/revisions\/2241"}],"wp:attachment":[{"href":"https:\/\/danielpaz.com.ar\/blog\/wp-json\/wp\/v2\/media?parent=2235"}],"wp:term":[{"taxonomy":"category","embeddable":true,"href":"https:\/\/danielpaz.com.ar\/blog\/wp-json\/wp\/v2\/categories?post=2235"},{"taxonomy":"post_tag","embeddable":true,"href":"https:\/\/danielpaz.com.ar\/blog\/wp-json\/wp\/v2\/tags?post=2235"}],"curies":[{"name":"wp","href":"https:\/\/api.w.org\/{rel}","templated":true}]}}