{"id":1650,"date":"2012-12-17T16:35:11","date_gmt":"2012-12-17T19:35:11","guid":{"rendered":"http:\/\/danielpaz.com.ar\/blog\/?p=1650"},"modified":"2025-01-02T10:46:23","modified_gmt":"2025-01-02T13:46:23","slug":"historia","status":"publish","type":"post","link":"https:\/\/danielpaz.com.ar\/blog\/2012\/12\/historia\/","title":{"rendered":"Historia"},"content":{"rendered":"<p><a href=\"http:\/\/danielpaz.com.ar\/blog\/wp-content\/uploads\/2012\/12\/decada-infame_1.jpg\"><img loading=\"lazy\" decoding=\"async\" class=\"alignleft size-medium wp-image-1651\" alt=\"&quot;decada-infame_1&quot; por Daniel Paz\" src=\"http:\/\/danielpaz.com.ar\/blog\/wp-content\/uploads\/2012\/12\/decada-infame_1-327x400.jpg\" width=\"327\" height=\"400\" srcset=\"https:\/\/danielpaz.com.ar\/blog\/wp-content\/uploads\/2012\/12\/decada-infame_1-327x400.jpg 327w, https:\/\/danielpaz.com.ar\/blog\/wp-content\/uploads\/2012\/12\/decada-infame_1.jpg 600w\" sizes=\"auto, (max-width: 327px) 100vw, 327px\" \/><\/a> <a href=\"http:\/\/danielpaz.com.ar\/blog\/wp-content\/uploads\/2012\/12\/decada-infame_2.jpg\"><img loading=\"lazy\" decoding=\"async\" class=\"alignleft size-medium wp-image-1652\" alt=\"decada-infame_2\" src=\"http:\/\/danielpaz.com.ar\/blog\/wp-content\/uploads\/2012\/12\/decada-infame_2-381x400.jpg\" width=\"381\" height=\"400\" srcset=\"https:\/\/danielpaz.com.ar\/blog\/wp-content\/uploads\/2012\/12\/decada-infame_2-381x400.jpg 381w, https:\/\/danielpaz.com.ar\/blog\/wp-content\/uploads\/2012\/12\/decada-infame_2.jpg 600w\" sizes=\"auto, (max-width: 381px) 100vw, 381px\" \/><\/a>En 1998 P\u00e1gina\/12 y Colihue editaron los 15 vol\u00famenes de \u00abUna historia argentina\u00bb con textos de Graciela Montes y dibujos de su seguro servidor.<\/p>\n<p>En cada libro yo hac\u00eda la tapa y cinco dibujos interiores. Me reencontr\u00e9 con ellos esta semana gracias al mensaje de un lector memorioso.<\/p>\n<p>En esa \u00e9poca no usaba la computadora; los grisados los hac\u00eda con una rotring bien finita siguiendo a Moebius y el color se lo daba con t\u00e9mperas y pincel.<\/p>\n<p>Estos dos dibujos ilustraban el cap\u00edtulo dedicado al \u00abFraude patri\u00f3tico\u00bb dentro del vol\u00famen 11 de la colecci\u00f3n.<\/p>\n<p>Qu\u00e9 bien que la pas\u00e9 haciendo estos dibujos<\/p>\n","protected":false},"excerpt":{"rendered":"<p>En 1998 P\u00e1gina\/12 y Colihue editaron los 15 vol\u00famenes de \u00abUna historia argentina\u00bb con textos de Graciela Montes y dibujos de su seguro servidor. En cada libro yo hac\u00eda la tapa y cinco dibujos interiores. Me reencontr\u00e9 con ellos esta semana gracias al mensaje de un lector memorioso. En esa \u00e9poca no usaba la computadora; [&hellip;]<\/p>\n","protected":false},"author":2,"featured_media":0,"comment_status":"closed","ping_status":"open","sticky":false,"template":"","format":"standard","meta":{"_jetpack_memberships_contains_paid_content":false,"footnotes":""},"categories":[5],"tags":[],"class_list":["post-1650","post","type-post","status-publish","format-standard","hentry","category-humor"],"jetpack_featured_media_url":"","jetpack_sharing_enabled":true,"_links":{"self":[{"href":"https:\/\/danielpaz.com.ar\/blog\/wp-json\/wp\/v2\/posts\/1650","targetHints":{"allow":["GET"]}}],"collection":[{"href":"https:\/\/danielpaz.com.ar\/blog\/wp-json\/wp\/v2\/posts"}],"about":[{"href":"https:\/\/danielpaz.com.ar\/blog\/wp-json\/wp\/v2\/types\/post"}],"author":[{"embeddable":true,"href":"https:\/\/danielpaz.com.ar\/blog\/wp-json\/wp\/v2\/users\/2"}],"replies":[{"embeddable":true,"href":"https:\/\/danielpaz.com.ar\/blog\/wp-json\/wp\/v2\/comments?post=1650"}],"version-history":[{"count":6,"href":"https:\/\/danielpaz.com.ar\/blog\/wp-json\/wp\/v2\/posts\/1650\/revisions"}],"predecessor-version":[{"id":7011,"href":"https:\/\/danielpaz.com.ar\/blog\/wp-json\/wp\/v2\/posts\/1650\/revisions\/7011"}],"wp:attachment":[{"href":"https:\/\/danielpaz.com.ar\/blog\/wp-json\/wp\/v2\/media?parent=1650"}],"wp:term":[{"taxonomy":"category","embeddable":true,"href":"https:\/\/danielpaz.com.ar\/blog\/wp-json\/wp\/v2\/categories?post=1650"},{"taxonomy":"post_tag","embeddable":true,"href":"https:\/\/danielpaz.com.ar\/blog\/wp-json\/wp\/v2\/tags?post=1650"}],"curies":[{"name":"wp","href":"https:\/\/api.w.org\/{rel}","templated":true}]}}